{"id":3193,"date":"2021-04-21T00:12:00","date_gmt":"2021-04-20T15:12:00","guid":{"rendered":"https:\/\/gap4ftt.net\/?p=3193"},"modified":"2021-11-12T20:57:41","modified_gmt":"2021-11-12T11:57:41","slug":"%ec%b0%a8%eb%93%9c-%ec%a0%9c1%ec%b0%a8-%ec%a2%85%ec%a1%b1%ea%b0%9c%ec%b2%99-%ec%84%a0%ea%b5%90%eb%8c%80%ed%9a%8c","status":"publish","type":"post","link":"https:\/\/gap4ftt.net\/es\/2021\/04\/21\/%ec%b0%a8%eb%93%9c-%ec%a0%9c1%ec%b0%a8-%ec%a2%85%ec%a1%b1%ea%b0%9c%ec%b2%99-%ec%84%a0%ea%b5%90%eb%8c%80%ed%9a%8c\/","title":{"rendered":"CHAD 1ra Conferencia de Misi\u00f3n UUPG"},"content":{"rendered":"<p class=\"wp-block-paragraph\">\u00a1Dios ha abierto los ojos de los ministros para que puedan ver cu\u00e1n urgente es el trabajo misionero para los pueblos no alcanzados en Chad a trav\u00e9s de esta conferencia en el momento m\u00e1s apropiado!<\/p>\n\n\n\n<figure class=\"wp-block-embed is-type-video is-provider-youtube wp-block-embed-youtube wp-embed-aspect-16-9 wp-has-aspect-ratio\"><div class=\"wp-block-embed__wrapper\">\n<span class=\"embed-youtube\" style=\"text-align:center; display: block;\"><iframe class=\"youtube-player\" width=\"1000\" height=\"563\" src=\"https:\/\/www.youtube.com\/embed\/dYU50WgB0Q4?version=3&#038;rel=1&#038;showsearch=0&#038;showinfo=1&#038;iv_load_policy=1&#038;fs=1&#038;hl=es-ES&#038;autohide=2&#038;wmode=transparent\" allowfullscreen=\"true\" style=\"border:0;\" sandbox=\"allow-scripts allow-same-origin allow-popups allow-presentation allow-popups-to-escape-sandbox\"><\/iframe><\/span>\n<\/div><\/figure>\n\n\n\n<p class=\"wp-block-paragraph\">La primera conferencia misionera de pueblos no alcanzados celebrada en Chad, \u00c1frica, se llev\u00f3 a cabo del 23 al 25 de marzo, con 65 participantes (pastores locales, evangelistas, misioneros y l\u00edderes de iglesias) de diferentes regiones reunidos y comenz\u00f3 la oraci\u00f3n de apertura del pastor J. Se llev\u00f3 a cabo durante 3 d\u00edas y 2 noches, y cada hora, las personas vieron las conferencias pioneras de la carrera producidas y traducidas a videos, seguidas de discusiones grupales y oraciones junto con un cuestionario preparado.<br>Todos los ministros locales que asistieron estaban encantados de que, por primera vez en sus vidas, se les dio una conferencia que les dio abundante ense\u00f1anza y desaf\u00edo y que fueron desafiados. Durante la sesi\u00f3n testimonial, brotaron confesiones de encontrar la misi\u00f3n y anhelo ferviente de ser pioneros en los pueblos no alcanzados. Tambi\u00e9n tuvimos tiempo para dise\u00f1ar estrategias de c\u00f3mo cada iglesia local aplicar\u00eda y practicar\u00eda la misi\u00f3n de los pueblos no alcanzados.<\/p>\n\n\n\n<p class=\"wp-block-paragraph\"><\/p>\n\n\n\n<p class=\"wp-block-paragraph\"><strong>Resoluci\u00f3n adoptada a trav\u00e9s de la Primera Conferencia de Misi\u00f3n de Chad<\/strong><\/p>\n\n\n\n<ol class=\"wp-block-list\"><li>Adopci\u00f3n de pueblos no alcanzados: Varma, Arab, Pla, Kanembu, Kotuko, Misarit, Gulay, Mongolia (regi\u00f3n)<\/li><li>Movilizar los recursos misioneros que han sido pasivos para testificar el evangelio de los pueblos no alcanzados y plantar iglesias.<\/li><li>Expansi\u00f3n de recursos para plantar grupos de personas no alcanzadas en la misi\u00f3n local E-denominacional<\/li><li>Un plan para fomentar la educaci\u00f3n y orientaci\u00f3n misionera en cada iglesia local en Chad<\/li><li>Cada a\u00f1o se establece y ejecuta una semana misionera especial durante una semana.<\/li><li>Establecimiento de una organizaci\u00f3n especial de capacitaci\u00f3n misionera para miembros pertenecientes a cada iglesia local<\/li><li>Presentar una visi\u00f3n y capacitar a cada iglesia para plantar una iglesia en grupos \u00e9tnicos no alcanzados<\/li><li>Planee viajes de campo en otros pa\u00edses donde los trabajadores locales puedan ser capacitados en misiones de pueblos no alcanzados<\/li><\/ol>","protected":false},"excerpt":{"rendered":"<p>\u00a1Dios ha abierto los ojos de los ministros para que puedan ver cu\u00e1n urgente es la obra misionera por los pueblos no alcanzados en Chad a trav\u00e9s de esta conferencia en el momento m\u00e1s apropiado! La primera conferencia misionera de pueblos no alcanzados celebrada en Chad, \u00c1frica se llev\u00f3 a cabo del 23 al 25 de marzo, con 65 participantes (pastores locales, evangelistas,\u2026 <\/p>\n<div class=\"link-more\"><a href=\"https:\/\/gap4ftt.net\/es\/2021\/04\/21\/%ec%b0%a8%eb%93%9c-%ec%a0%9c1%ec%b0%a8-%ec%a2%85%ec%a1%b1%ea%b0%9c%ec%b2%99-%ec%84%a0%ea%b5%90%eb%8c%80%ed%9a%8c\/\">Leer M\u00e1s<\/a><\/div>","protected":false},"author":199132322,"featured_media":3194,"comment_status":"open","ping_status":"open","sticky":false,"template":"","format":"standard","meta":{"_crdt_document":"","advanced_seo_description":"","jetpack_seo_html_title":"","jetpack_seo_noindex":false,"_jetpack_newsletter_access":"","_jetpack_dont_email_post_to_subs":false,"_jetpack_newsletter_tier_id":0,"_jetpack_memberships_contains_paywalled_content":false,"_jetpack_memberships_contains_paid_content":false,"footnotes":"","jetpack_publicize_message":"","jetpack_publicize_feature_enabled":true,"jetpack_social_post_already_shared":true,"jetpack_social_options":{"image_generator_settings":{"template":"highway","default_image_id":0,"font":"","enabled":false},"version":2},"_wpas_customize_per_network":false,"jetpack_post_was_ever_published":false},"categories":[120609],"tags":[120607],"class_list":{"0":"post-3193","1":"post","2":"type-post","3":"status-publish","4":"format-standard","5":"has-post-thumbnail","6":"hentry","7":"category-home","8":"tag-featured","10":"fallback-thumbnail"},"jetpack_publicize_connections":[],"jetpack_featured_media_url":"https:\/\/gap4ftt.net\/wp-content\/uploads\/2021\/04\/1.\uac1c\ud68c\uc608\ubc30.jpg","jetpack_likes_enabled":false,"jetpack_sharing_enabled":true,"jetpack_shortlink":"https:\/\/wp.me\/pduPs9-Pv","amp_enabled":true,"_links":{"self":[{"href":"https:\/\/gap4ftt.net\/es\/wp-json\/wp\/v2\/posts\/3193","targetHints":{"allow":["GET"]}}],"collection":[{"href":"https:\/\/gap4ftt.net\/es\/wp-json\/wp\/v2\/posts"}],"about":[{"href":"https:\/\/gap4ftt.net\/es\/wp-json\/wp\/v2\/types\/post"}],"author":[{"embeddable":true,"href":"https:\/\/gap4ftt.net\/es\/wp-json\/wp\/v2\/users\/199132322"}],"replies":[{"embeddable":true,"href":"https:\/\/gap4ftt.net\/es\/wp-json\/wp\/v2\/comments?post=3193"}],"version-history":[{"count":4,"href":"https:\/\/gap4ftt.net\/es\/wp-json\/wp\/v2\/posts\/3193\/revisions"}],"predecessor-version":[{"id":8324,"href":"https:\/\/gap4ftt.net\/es\/wp-json\/wp\/v2\/posts\/3193\/revisions\/8324"}],"wp:featuredmedia":[{"embeddable":true,"href":"https:\/\/gap4ftt.net\/es\/wp-json\/wp\/v2\/media\/3194"}],"wp:attachment":[{"href":"https:\/\/gap4ftt.net\/es\/wp-json\/wp\/v2\/media?parent=3193"}],"wp:term":[{"taxonomy":"category","embeddable":true,"href":"https:\/\/gap4ftt.net\/es\/wp-json\/wp\/v2\/categories?post=3193"},{"taxonomy":"post_tag","embeddable":true,"href":"https:\/\/gap4ftt.net\/es\/wp-json\/wp\/v2\/tags?post=3193"}],"curies":[{"name":"wp","href":"https:\/\/api.w.org\/{rel}","templated":true}]}}